{"id":10093,"date":"2022-11-28T11:21:53","date_gmt":"2022-11-28T10:21:53","guid":{"rendered":"https:\/\/www.kelmis.be\/?p=10093"},"modified":"2022-11-29T15:28:02","modified_gmt":"2022-11-29T14:28:02","slug":"le-week-end-prochain-aura-lieu-notre-marche-de-noel","status":"publish","type":"post","link":"https:\/\/www.kelmis.be\/fr\/evenement\/le-week-end-prochain-aura-lieu-notre-marche-de-noel","title":{"rendered":"Le week-end prochain aura lieu notre march\u00e9 de No\u00ebl"},"content":{"rendered":"<p>Les 3 et 4 d\u00e9cembre, notre march\u00e9 de No\u00ebl aura lieu sur le terrain de la Coul, avec plus de 40 stands, couverts en grande partie. Le samedi, le march\u00e9 d\u00e9butera \u00e0 15 heures et le dimanche \u00e0 13 heures. Notre march\u00e9 de No\u00ebl fermera ses portes \u00e0 22 heures, si la m\u00e9t\u00e9o est bonne. L&rsquo;\u00e9quipe de Radio Sunshine retransmet en direct du march\u00e9 de No\u00ebl et assure l&rsquo;ambiance musicale. Les Colibris, Etienne Derwals, le Collegians Band et les Verdissimo Blechbl\u00e4ser fourniront de la musique en direct.<br \/>\nLes deux jours, Saint Nicolas rendra visite aux enfants : le samedi de 16h45 \u00e0 18h45 et le dimanche de 14h45 jusqu&rsquo;\u00e0 \u00e9puisement des stocks. Un carrousel sera \u00e9galement \u00e0 leur disposition. L&rsquo;Atelier cr\u00e9atif proposera des animations. Rendez-vous les 3 et 4 d\u00e9cembre ! Venez nombreux.<\/p>\n","protected":false},"excerpt":{"rendered":"Les 3 et 4 d\u00e9cembre, notre march\u00e9 de No\u00ebl aura lieu sur le terrain de la Coul, avec plus de 40 stands, couverts en grande partie. Le samedi, le march\u00e9 d\u00e9butera \u00e0 15 heures et le dimanche \u00e0 13 heures. Notre march\u00e9 de No\u00ebl fermera ses portes \u00e0 22 heures, si la m\u00e9t\u00e9o est bonne. [&hellip;]","protected":false},"author":2,"featured_media":10094,"comment_status":"closed","ping_status":"closed","sticky":false,"template":"","format":"standard","meta":{"_acf_changed":false,"footnotes":""},"categories":[73],"tags":[],"class_list":["post-10093","post","type-post","status-publish","format-standard","has-post-thumbnail","hentry","category-evenement"],"acf":[],"_links":{"self":[{"href":"https:\/\/www.kelmis.be\/fr\/wp-json\/wp\/v2\/posts\/10093","targetHints":{"allow":["GET"]}}],"collection":[{"href":"https:\/\/www.kelmis.be\/fr\/wp-json\/wp\/v2\/posts"}],"about":[{"href":"https:\/\/www.kelmis.be\/fr\/wp-json\/wp\/v2\/types\/post"}],"author":[{"embeddable":true,"href":"https:\/\/www.kelmis.be\/fr\/wp-json\/wp\/v2\/users\/2"}],"replies":[{"embeddable":true,"href":"https:\/\/www.kelmis.be\/fr\/wp-json\/wp\/v2\/comments?post=10093"}],"version-history":[{"count":3,"href":"https:\/\/www.kelmis.be\/fr\/wp-json\/wp\/v2\/posts\/10093\/revisions"}],"predecessor-version":[{"id":10137,"href":"https:\/\/www.kelmis.be\/fr\/wp-json\/wp\/v2\/posts\/10093\/revisions\/10137"}],"wp:featuredmedia":[{"embeddable":true,"href":"https:\/\/www.kelmis.be\/fr\/wp-json\/wp\/v2\/media\/10094"}],"wp:attachment":[{"href":"https:\/\/www.kelmis.be\/fr\/wp-json\/wp\/v2\/media?parent=10093"}],"wp:term":[{"taxonomy":"category","embeddable":true,"href":"https:\/\/www.kelmis.be\/fr\/wp-json\/wp\/v2\/categories?post=10093"},{"taxonomy":"post_tag","embeddable":true,"href":"https:\/\/www.kelmis.be\/fr\/wp-json\/wp\/v2\/tags?post=10093"}],"curies":[{"name":"wp","href":"https:\/\/api.w.org\/{rel}","templated":true}]}}