{"id":10028,"date":"2022-11-23T09:42:24","date_gmt":"2022-11-23T08:42:24","guid":{"rendered":"https:\/\/www.kelmis.be\/?p=10028"},"modified":"2022-12-05T15:48:07","modified_gmt":"2022-12-05T14:48:07","slug":"cafe-de-lavent-pur-seniors-au-park-hotel-le-4-decembre","status":"publish","type":"post","link":"https:\/\/www.kelmis.be\/fr\/evenement\/cafe-de-lavent-pur-seniors-au-park-hotel-le-4-decembre","title":{"rendered":"Caf\u00e9 de l&rsquo;Avent pour s\u00e9niors au Park Hotel le 4 d\u00e9cembre"},"content":{"rendered":"<p><span style=\"font-family: Arial, sans-serif;\"><span style=\"font-size: medium;\"><span lang=\"de-DE\">Vous \u00eates \u00e2g\u00e9(e), vous n&rsquo;\u00eates plus tr\u00e8s mobile et vous souhaitez passer un moment agr\u00e9able en bonne compagnie ? Vous ne souhaitez pas vous rendre seul au march\u00e9 de No\u00ebl ?<br \/>\nLe dimanche 4 d\u00e9cembre, les seniors int\u00e9ress\u00e9s auront la possibilit\u00e9 de participer <\/span><\/span><\/span><span style=\"font-family: Arial, sans-serif;\"><span style=\"font-size: medium;\"><span lang=\"de-DE\">de 14 \u00e0 16 heures <\/span><\/span><\/span><span style=\"font-family: Arial, sans-serif;\"><span style=\"font-size: medium;\"><span lang=\"de-DE\">au caf\u00e9 de l&rsquo;Avent <\/span><\/span><\/span><span style=\"font-family: Arial, sans-serif;\"><span style=\"font-size: medium;\"><span lang=\"de-DE\">au Park Hotel. Le caf\u00e9 est <\/span><\/span><\/span><span style=\"font-family: Arial, sans-serif;\"><span style=\"font-size: medium;\"><span lang=\"de-DE\">organis\u00e9 par le Conseil pour l<\/span><\/span><\/span><span style=\"font-family: Arial, sans-serif;\"><span style=\"font-size: medium;\"><span lang=\"de-DE\">e vivre ensemble<\/span><\/span><\/span><span style=\"font-family: Arial, sans-serif;\"><span style=\"font-size: medium;\"><span lang=\"de-DE\"> (avec le soutien du Conseil consultatif des <\/span><\/span><\/span><span style=\"font-family: Arial, sans-serif;\"><span style=\"font-size: medium;\"><span lang=\"de-DE\">a\u00een\u00e9s<\/span><\/span><\/span><span style=\"font-family: Arial, sans-serif;\"><span style=\"font-size: medium;\"><span lang=\"de-DE\">). <\/span><\/span><\/span><span style=\"font-family: Arial, sans-serif;\"><span style=\"font-size: medium;\"><span lang=\"de-DE\">S<\/span><\/span><\/span><span style=\"font-family: Arial, sans-serif;\"><span style=\"font-size: medium;\"><span lang=\"de-DE\">&lsquo;ils le souhaitent, <\/span><\/span><\/span><span style=\"font-family: Arial, sans-serif;\"><span style=\"font-size: medium;\"><span lang=\"de-DE\">les s\u00e9niors peuvent \u00eatre accompagn\u00e9s pour une v<\/span><\/span><\/span><span style=\"font-family: Arial, sans-serif;\"><span style=\"font-size: medium;\"><span lang=\"de-DE\">isite <\/span><\/span><\/span><span style=\"font-family: Arial, sans-serif;\"><span style=\"font-size: medium;\"><span lang=\"de-DE\">du <\/span><\/span><\/span><span style=\"font-family: Arial, sans-serif;\"><span style=\"font-size: medium;\"><span lang=\"de-DE\">march\u00e9 de No\u00ebl.<br \/>\nSi souhait\u00e9, un ramassage \u00e0 domicile peut \u00eatre organis\u00e9. Le nombre de participants est limit\u00e9.<br \/>\nIl est demand\u00e9 de s&rsquo;inscrire obligatoirement avant le 30 novembre au num\u00e9ro 0472\/ 22 50 09.<\/span><\/span><\/span><\/p>\n","protected":false},"excerpt":{"rendered":"Vous \u00eates \u00e2g\u00e9(e), vous n&rsquo;\u00eates plus tr\u00e8s mobile et vous souhaitez passer un moment agr\u00e9able en bonne compagnie ? Vous ne souhaitez pas vous rendre seul au march\u00e9 de No\u00ebl ? Le dimanche 4 d\u00e9cembre, les seniors int\u00e9ress\u00e9s auront la possibilit\u00e9 de participer de 14 \u00e0 16 heures au caf\u00e9 de l&rsquo;Avent au Park Hotel. [&hellip;]","protected":false},"author":2,"featured_media":10029,"comment_status":"closed","ping_status":"closed","sticky":false,"template":"","format":"standard","meta":{"_acf_changed":false,"footnotes":""},"categories":[73],"tags":[],"class_list":["post-10028","post","type-post","status-publish","format-standard","has-post-thumbnail","hentry","category-evenement"],"acf":[],"_links":{"self":[{"href":"https:\/\/www.kelmis.be\/fr\/wp-json\/wp\/v2\/posts\/10028","targetHints":{"allow":["GET"]}}],"collection":[{"href":"https:\/\/www.kelmis.be\/fr\/wp-json\/wp\/v2\/posts"}],"about":[{"href":"https:\/\/www.kelmis.be\/fr\/wp-json\/wp\/v2\/types\/post"}],"author":[{"embeddable":true,"href":"https:\/\/www.kelmis.be\/fr\/wp-json\/wp\/v2\/users\/2"}],"replies":[{"embeddable":true,"href":"https:\/\/www.kelmis.be\/fr\/wp-json\/wp\/v2\/comments?post=10028"}],"version-history":[{"count":3,"href":"https:\/\/www.kelmis.be\/fr\/wp-json\/wp\/v2\/posts\/10028\/revisions"}],"predecessor-version":[{"id":10145,"href":"https:\/\/www.kelmis.be\/fr\/wp-json\/wp\/v2\/posts\/10028\/revisions\/10145"}],"wp:featuredmedia":[{"embeddable":true,"href":"https:\/\/www.kelmis.be\/fr\/wp-json\/wp\/v2\/media\/10029"}],"wp:attachment":[{"href":"https:\/\/www.kelmis.be\/fr\/wp-json\/wp\/v2\/media?parent=10028"}],"wp:term":[{"taxonomy":"category","embeddable":true,"href":"https:\/\/www.kelmis.be\/fr\/wp-json\/wp\/v2\/categories?post=10028"},{"taxonomy":"post_tag","embeddable":true,"href":"https:\/\/www.kelmis.be\/fr\/wp-json\/wp\/v2\/tags?post=10028"}],"curies":[{"name":"wp","href":"https:\/\/api.w.org\/{rel}","templated":true}]}}