{"id":10022,"date":"2022-11-22T10:16:33","date_gmt":"2022-11-22T09:16:33","guid":{"rendered":"https:\/\/www.kelmis.be\/?p=10022"},"modified":"2022-11-22T10:33:07","modified_gmt":"2022-11-22T09:33:07","slug":"seance-publique-du-conseil-dadministration-denodia-le-6-decembre","status":"publish","type":"post","link":"https:\/\/www.kelmis.be\/fr\/depuis-la-maison-communale\/seance-publique-du-conseil-dadministration-denodia-le-6-decembre","title":{"rendered":"S\u00e9ance publique du conseil d&rsquo;administration d&rsquo;Enodia le 6 d\u00e9cembre"},"content":{"rendered":"<p>Le conseil d\u2019administration d\u2019Enodia se r\u00e9unit le mardi, 6 d\u00e9cembre \u00e0 10 heures au si\u00e8ge rue Louvrex 95 \u00e0 Li\u00e8ge. Seul point \u00e0 l\u2019ordre du jour de la s\u00e9ance publique: la pr\u00e9sentation des rapports de gestion 2021 du conseil d\u2019administration sur les comptes statutaires et les comptes consolid\u00e9s. Inscription jusqu\u2019au 2 d\u00e9cembre \u00e0 <a href=\"mailto:assunta.picillo@enodia.net\">assunta.picillo@enodia.net<\/a> ou 04\/210 15 21.<\/p>\n","protected":false},"excerpt":{"rendered":"Le conseil d\u2019administration d\u2019Enodia se r\u00e9unit le mardi, 6 d\u00e9cembre \u00e0 10 heures au si\u00e8ge rue Louvrex 95 \u00e0 Li\u00e8ge. Seul point \u00e0 l\u2019ordre du jour de la s\u00e9ance publique: la pr\u00e9sentation des rapports de gestion 2021 du conseil d\u2019administration sur les comptes statutaires et les comptes consolid\u00e9s. Inscription jusqu\u2019au 2 d\u00e9cembre \u00e0 assunta.picillo@enodia.net ou [&hellip;]","protected":false},"author":2,"featured_media":10023,"comment_status":"closed","ping_status":"closed","sticky":false,"template":"","format":"standard","meta":{"_acf_changed":false,"footnotes":""},"categories":[71],"tags":[],"class_list":["post-10022","post","type-post","status-publish","format-standard","has-post-thumbnail","hentry","category-depuis-la-maison-communale"],"acf":[],"_links":{"self":[{"href":"https:\/\/www.kelmis.be\/fr\/wp-json\/wp\/v2\/posts\/10022","targetHints":{"allow":["GET"]}}],"collection":[{"href":"https:\/\/www.kelmis.be\/fr\/wp-json\/wp\/v2\/posts"}],"about":[{"href":"https:\/\/www.kelmis.be\/fr\/wp-json\/wp\/v2\/types\/post"}],"author":[{"embeddable":true,"href":"https:\/\/www.kelmis.be\/fr\/wp-json\/wp\/v2\/users\/2"}],"replies":[{"embeddable":true,"href":"https:\/\/www.kelmis.be\/fr\/wp-json\/wp\/v2\/comments?post=10022"}],"version-history":[{"count":1,"href":"https:\/\/www.kelmis.be\/fr\/wp-json\/wp\/v2\/posts\/10022\/revisions"}],"predecessor-version":[{"id":10024,"href":"https:\/\/www.kelmis.be\/fr\/wp-json\/wp\/v2\/posts\/10022\/revisions\/10024"}],"wp:featuredmedia":[{"embeddable":true,"href":"https:\/\/www.kelmis.be\/fr\/wp-json\/wp\/v2\/media\/10023"}],"wp:attachment":[{"href":"https:\/\/www.kelmis.be\/fr\/wp-json\/wp\/v2\/media?parent=10022"}],"wp:term":[{"taxonomy":"category","embeddable":true,"href":"https:\/\/www.kelmis.be\/fr\/wp-json\/wp\/v2\/categories?post=10022"},{"taxonomy":"post_tag","embeddable":true,"href":"https:\/\/www.kelmis.be\/fr\/wp-json\/wp\/v2\/tags?post=10022"}],"curies":[{"name":"wp","href":"https:\/\/api.w.org\/{rel}","templated":true}]}}